{"id":1214,"date":"2021-02-18T11:51:55","date_gmt":"2021-02-18T15:51:55","guid":{"rendered":"https:\/\/dev.olivierraude.me\/perspectivesjeunesse?p=1214"},"modified":"2021-02-18T16:11:06","modified_gmt":"2021-02-18T20:11:06","slug":"communiquejps","status":"publish","type":"post","link":"https:\/\/dev.olivierraude.me\/perspectivesjeunesse\/communiquejps\/","title":{"rendered":"Lettre ouverte JPS"},"content":{"rendered":"<p><img loading=\"lazy\" decoding=\"async\" class=\"wp-image-1185 size-large aligncenter\" src=\"https:\/\/dev.olivierraude.me\/perspectivesjeunessewp-content\/uploads\/2021\/02\/Fev_2021_BannierePJ_V3a-1024x379.jpg\" alt=\"\" width=\"1024\" height=\"379\" srcset=\"https:\/\/dev.olivierraude.me\/perspectivesjeunesse\/wp-content\/uploads\/2021\/02\/Fev_2021_BannierePJ_V3a-1024x379.jpg 1024w, https:\/\/dev.olivierraude.me\/perspectivesjeunesse\/wp-content\/uploads\/2021\/02\/Fev_2021_BannierePJ_V3a-300x111.jpg 300w, https:\/\/dev.olivierraude.me\/perspectivesjeunesse\/wp-content\/uploads\/2021\/02\/Fev_2021_BannierePJ_V3a.jpg 1773w\" sizes=\"auto, (max-width: 1024px) 100vw, 1024px\" \/><\/p>\n<p>&nbsp;<\/p>\n<h1 style=\"text-align: center;\"><span style=\"color: #004a99;\"><strong>Journ\u00e9es de la pers\u00e9v\u00e9rance scolaire 2021<\/strong><\/span><\/h1>\n<h2 style=\"text-align: center;\"><span style=\"color: #004a99;\"><strong>Soutenir le raccrochage scolaire des jeunes de 15 \u2013 20 ans\u00a0: un investissement pour le Qu\u00e9bec<\/strong><\/span><\/h2>\n<p>&nbsp;<\/p>\n<p>Dans le cadre des <u>Journ\u00e9es de la pers\u00e9v\u00e9rance scolaire<\/u>, Perspectives Jeunesse aimerait sensibiliser la population et le gouvernement sur l\u2019importance de soutenir la pers\u00e9v\u00e9rance scolaire chez les 15 \u00e0 20 ans. Cet enjeu existait bien avant la pand\u00e9mie, mais la crise sanitaire aura pour effet d\u2019en exacerber les cons\u00e9quences.\u00a0 Il est plus que temps d\u2019agir. Soutenir le raccrochage scolaire des jeunes de 15 \u00e0 20 est un \u00e9l\u00e9ment important, mais trop souvent n\u00e9glig\u00e9 dans la lutte au d\u00e9crochage scolaire.\u00a0 Il s\u2019agit d\u2019une solution \u00e0 l\u2019importante p\u00e9nurie de main d\u2019\u0153uvre que vit actuellement le Qu\u00e9bec et qui nuit \u00e0 son d\u00e9veloppement \u00e9conomique.\u00a0 C\u2019est \u00e9galement une mesure concr\u00e8te de lutte \u00e0 la pauvret\u00e9.<\/p>\n<p>&nbsp;<\/p>\n<p>Comme le mentionne le minist\u00e8re de l&#8217;\u00c9ducation sur son site<span style=\"color: #00b6e8;\"> <a style=\"color: #00b6e8;\" href=\"http:\/\/www.education.gouv.qc.ca\/references\/indicateurs-et-statistiques\/indicateurs\/taux-de-sorties-sans-diplome-ni-qualification-parmi-les-sortants-en-formation-generale-des-jeunes\/\">Internet<\/a><\/span>,\u00a075,7 % des \u00e9l\u00e8ves sortant sans dipl\u00f4me ni qualification \u00e9taient inscrits au deuxi\u00e8me cycle du secondaire au 30 septembre 2017.\u00a0\u00a0Beaucoup de jeunes qui quittent l&#8217;\u00e9cole ont des retards scolaires.\u00a0Il est raisonnable de penser que l\u2019augmentation des \u00e9checs scolaires <a href=\"https:\/\/www.lapresse.ca\/actualites\/education\/2021-02-09\/francais-et-mathematiques\/le-taux-d-echec-bondit-au-secondaire.php\"><span style=\"color: #00b6e8;\">annonc\u00e9e au cours des derniers jours<\/span><\/a>, dont le fait que 31% des \u00e9l\u00e8ves de troisi\u00e8me secondaire \u00e9chouent actuellement en math\u00e9matiques.<\/p>\n<p>&nbsp;<\/p>\n<p>Pour Perspectives Jeunesse, la question que nous devons nous poser collectivement est la suivante\u00a0<strong>: <span style=\"color: #004a99;\">La soci\u00e9t\u00e9 et le gouvernement remplissent-ils leurs responsabilit\u00e9s envers les jeunes adultes qui sont dans leur derni\u00e8re ann\u00e9e d\u2019obligation de fr\u00e9quentation scolaire ou qui ne sont plus assujettis \u00e0 l\u2019obligation de fr\u00e9quentation scolaire?<\/span>\u00a0<\/strong>Avoir des acquis de premi\u00e8re secondaire \u00e0 l\u2019\u00e2ge de 17 ans ne peut pas s\u2019expliquer uniquement par la responsabilit\u00e9 individuelle et les choix faits par les jeunes.\u00a0 Il ne s\u2019agit pas ici d\u2019augmenter l\u2019\u00e2ge d\u2019obligation de fr\u00e9quentation scolaire jusqu\u2019\u00e0 18 ans, mais bien d\u2019offrir des services d\u2019accompagnement individualis\u00e9s qui r\u00e9pondent aux besoins psychosociaux et acad\u00e9miques de chaque jeune.\u00a0 Entre le moment o\u00f9 un jeune int\u00e8gre notre programme Plan C en soutien au retour \u00e0 l\u2019\u00e9cole et le moment o\u00f9 il retourne dans une \u00e9cole publique pour y terminer son dipl\u00f4me d\u2019\u00e9tudes secondaires ou d\u00e9buter un dipl\u00f4me d\u2019\u00e9tudes professionnelles, il s\u2019\u00e9coule en moyenne une ann\u00e9e et demie et parfois trois ans.<\/p>\n<p>&nbsp;<\/p>\n<p>Les cons\u00e9quences de cette absence d\u2019actions concr\u00e8tes pour favoriser le retour et le maintien \u00e0 l\u2019\u00e9cole des jeunes de 15 \u00e0 20 ans sont immenses comme d\u00e9montr\u00e9 dans l\u2019\u00e9tude <span style=\"color: #00b6e8;\"><em><a style=\"color: #00b6e8;\" href=\"https:\/\/www.reseaureussitemontreal.ca\/dossiers-thematiques\/conciliation-etudes-travail\/\">Pers\u00e9v\u00e9rance scolaire et conciliation \u00e9tudes-travail une piste de solution \u00e0 la raret\u00e9 de main-d\u2019\u0153uvre<\/a><\/em><\/span>.\u00a0 Cette \u00e9tude a \u00e9t\u00e9 r\u00e9alis\u00e9e gr\u00e2ce \u00e0 un partenariat entre R\u00e9seau r\u00e9ussite Montr\u00e9al, La Chambre de commerce de Montr\u00e9al m\u00e9tropolitain et Le Regroupement des c\u00e9geps de Montr\u00e9al\u00a0: \u00ab <span style=\"color: #004a99;\"><strong>Au cours de sa carri\u00e8re, une personne qui a fait ses \u00e9tudes secondaires gagnera environ 500 000 $ de plus que si elle ne les avait pas termin\u00e9es.\u00a0 Cela repr\u00e9sente 110\u00a0000$ en moyenne de revenu fiscaux pour l\u2019\u00e9tat qu\u00e9b\u00e9cois.\u00a0 Une diminution du raccrochage scolaire de 20% \u00e9galerait une perte de revenus fiscaux de 21 millions de dollars pour les gouvernements<\/strong>.<\/span> Une augmentation du raccrochage scolaire aurait s\u00fbrement l\u2019effet inverse.\u00a0 Cette augmentation des revenus fiscaux permettrait de financer des programmes sociaux ou, pourquoi pas, faire partie de la strat\u00e9gie \u00e9conomique post-pand\u00e9mie au m\u00eame titre que des mesures plus traditionnelles.<a href=\"applewebdata:\/\/ADB14B94-2D67-4090-90CE-A8DB8918AC10#_ftnref1\" name=\"_ftn1\"><\/a><\/p>\n","protected":false},"excerpt":{"rendered":"<p>&nbsp; Journ\u00e9es de la pers\u00e9v\u00e9rance scolaire 2021 Soutenir le raccrochage scolaire des jeunes de 15 \u2013 20 ans\u00a0: un investissement pour le Qu\u00e9bec &nbsp; Dans le cadre des Journ\u00e9es de la pers\u00e9v\u00e9rance scolaire, Perspectives Jeunesse aimerait sensibiliser la population et le gouvernement sur l\u2019importance de soutenir la pers\u00e9v\u00e9rance scolaire chez les 15 \u00e0 20 ans&#8230;.<\/p>\n","protected":false},"author":3457,"featured_media":1209,"comment_status":"closed","ping_status":"closed","sticky":false,"template":"","format":"standard","meta":{"_acf_changed":false,"footnotes":""},"categories":[1],"tags":[],"class_list":["post-1214","post","type-post","status-publish","format-standard","has-post-thumbnail","hentry","category-non-classifiee"],"acf":[],"yoast_head":"<!-- This site is optimized with the Yoast SEO plugin v24.6 - https:\/\/yoast.com\/wordpress\/plugins\/seo\/ -->\n<title>Lettre ouverte JPS - Perspectives Jeunesse<\/title>\n<meta name=\"robots\" content=\"index, follow, max-snippet:-1, max-image-preview:large, max-video-preview:-1\" \/>\n<link rel=\"canonical\" href=\"https:\/\/dev.olivierraude.me\/perspectivesjeunesse\/communiquejps\/\" \/>\n<meta property=\"og:locale\" content=\"en_US\" \/>\n<meta property=\"og:type\" content=\"article\" \/>\n<meta property=\"og:title\" content=\"Lettre ouverte JPS - Perspectives Jeunesse\" \/>\n<meta property=\"og:description\" content=\"&nbsp; Journ\u00e9es de la pers\u00e9v\u00e9rance scolaire 2021 Soutenir le raccrochage scolaire des jeunes de 15 \u2013 20 ans\u00a0: un investissement pour le Qu\u00e9bec &nbsp; Dans le cadre des Journ\u00e9es de la pers\u00e9v\u00e9rance scolaire, Perspectives Jeunesse aimerait sensibiliser la population et le gouvernement sur l\u2019importance de soutenir la pers\u00e9v\u00e9rance scolaire chez les 15 \u00e0 20 ans....\" \/>\n<meta property=\"og:url\" content=\"https:\/\/dev.olivierraude.me\/perspectivesjeunesse\/communiquejps\/\" \/>\n<meta property=\"og:site_name\" content=\"Perspectives Jeunesse\" \/>\n<meta property=\"article:publisher\" content=\"https:\/\/www.facebook.com\/perspectives.jeunesse\/\" \/>\n<meta property=\"article:published_time\" content=\"2021-02-18T15:51:55+00:00\" \/>\n<meta property=\"article:modified_time\" content=\"2021-02-18T20:11:06+00:00\" \/>\n<meta property=\"og:image\" content=\"https:\/\/dev.olivierraude.me\/perspectivesjeunesse\/wp-content\/uploads\/2021\/02\/bandeau-partage-jps2.jpg\" \/>\n\t<meta property=\"og:image:width\" content=\"600\" \/>\n\t<meta property=\"og:image:height\" content=\"315\" \/>\n\t<meta property=\"og:image:type\" content=\"image\/jpeg\" \/>\n<meta name=\"author\" content=\"Catherine Sarrazin-Brennan\" \/>\n<meta name=\"twitter:label1\" content=\"Written by\" \/>\n\t<meta name=\"twitter:data1\" content=\"Catherine Sarrazin-Brennan\" \/>\n\t<meta name=\"twitter:label2\" content=\"Est. reading time\" \/>\n\t<meta name=\"twitter:data2\" content=\"3 minutes\" \/>\n<script type=\"application\/ld+json\" class=\"yoast-schema-graph\">{\"@context\":\"https:\/\/schema.org\",\"@graph\":[{\"@type\":\"Article\",\"@id\":\"https:\/\/dev.olivierraude.me\/perspectivesjeunesse\/communiquejps\/#article\",\"isPartOf\":{\"@id\":\"https:\/\/dev.olivierraude.me\/perspectivesjeunesse\/communiquejps\/\"},\"author\":{\"name\":\"Catherine Sarrazin-Brennan\",\"@id\":\"https:\/\/dev.olivierraude.me\/perspectivesjeunesse\/#\/schema\/person\/3884cce08e7d72c3f65569fc2e54159a\"},\"headline\":\"Lettre ouverte JPS\",\"datePublished\":\"2021-02-18T15:51:55+00:00\",\"dateModified\":\"2021-02-18T20:11:06+00:00\",\"mainEntityOfPage\":{\"@id\":\"https:\/\/dev.olivierraude.me\/perspectivesjeunesse\/communiquejps\/\"},\"wordCount\":599,\"publisher\":{\"@id\":\"https:\/\/dev.olivierraude.me\/perspectivesjeunesse\/#organization\"},\"image\":{\"@id\":\"https:\/\/dev.olivierraude.me\/perspectivesjeunesse\/communiquejps\/#primaryimage\"},\"thumbnailUrl\":\"https:\/\/dev.olivierraude.me\/perspectivesjeunesse\/wp-content\/uploads\/2021\/02\/bandeau-partage-jps2.jpg\",\"articleSection\":[\"Non classifi\u00e9(e)\"],\"inLanguage\":\"en-US\"},{\"@type\":\"WebPage\",\"@id\":\"https:\/\/dev.olivierraude.me\/perspectivesjeunesse\/communiquejps\/\",\"url\":\"https:\/\/dev.olivierraude.me\/perspectivesjeunesse\/communiquejps\/\",\"name\":\"Lettre ouverte JPS - Perspectives Jeunesse\",\"isPartOf\":{\"@id\":\"https:\/\/dev.olivierraude.me\/perspectivesjeunesse\/#website\"},\"primaryImageOfPage\":{\"@id\":\"https:\/\/dev.olivierraude.me\/perspectivesjeunesse\/communiquejps\/#primaryimage\"},\"image\":{\"@id\":\"https:\/\/dev.olivierraude.me\/perspectivesjeunesse\/communiquejps\/#primaryimage\"},\"thumbnailUrl\":\"https:\/\/dev.olivierraude.me\/perspectivesjeunesse\/wp-content\/uploads\/2021\/02\/bandeau-partage-jps2.jpg\",\"datePublished\":\"2021-02-18T15:51:55+00:00\",\"dateModified\":\"2021-02-18T20:11:06+00:00\",\"breadcrumb\":{\"@id\":\"https:\/\/dev.olivierraude.me\/perspectivesjeunesse\/communiquejps\/#breadcrumb\"},\"inLanguage\":\"en-US\",\"potentialAction\":[{\"@type\":\"ReadAction\",\"target\":[\"https:\/\/dev.olivierraude.me\/perspectivesjeunesse\/communiquejps\/\"]}]},{\"@type\":\"ImageObject\",\"inLanguage\":\"en-US\",\"@id\":\"https:\/\/dev.olivierraude.me\/perspectivesjeunesse\/communiquejps\/#primaryimage\",\"url\":\"https:\/\/dev.olivierraude.me\/perspectivesjeunesse\/wp-content\/uploads\/2021\/02\/bandeau-partage-jps2.jpg\",\"contentUrl\":\"https:\/\/dev.olivierraude.me\/perspectivesjeunesse\/wp-content\/uploads\/2021\/02\/bandeau-partage-jps2.jpg\",\"width\":600,\"height\":315},{\"@type\":\"BreadcrumbList\",\"@id\":\"https:\/\/dev.olivierraude.me\/perspectivesjeunesse\/communiquejps\/#breadcrumb\",\"itemListElement\":[{\"@type\":\"ListItem\",\"position\":1,\"name\":\"Home\",\"item\":\"https:\/\/dev.olivierraude.me\/perspectivesjeunesse\/\"},{\"@type\":\"ListItem\",\"position\":2,\"name\":\"Lettre ouverte JPS\"}]},{\"@type\":\"WebSite\",\"@id\":\"https:\/\/dev.olivierraude.me\/perspectivesjeunesse\/#website\",\"url\":\"https:\/\/dev.olivierraude.me\/perspectivesjeunesse\/\",\"name\":\"Perspectives Jeunesse\",\"description\":\"Pr\u00e9vention du d\u00e9crochage scolaire et soutien au retour \u00e0 l&#039;\u00e9cole\",\"publisher\":{\"@id\":\"https:\/\/dev.olivierraude.me\/perspectivesjeunesse\/#organization\"},\"potentialAction\":[{\"@type\":\"SearchAction\",\"target\":{\"@type\":\"EntryPoint\",\"urlTemplate\":\"https:\/\/dev.olivierraude.me\/perspectivesjeunesse\/?s={search_term_string}\"},\"query-input\":{\"@type\":\"PropertyValueSpecification\",\"valueRequired\":true,\"valueName\":\"search_term_string\"}}],\"inLanguage\":\"en-US\"},{\"@type\":\"Organization\",\"@id\":\"https:\/\/dev.olivierraude.me\/perspectivesjeunesse\/#organization\",\"name\":\"Perspectives Jeunesse\",\"url\":\"https:\/\/dev.olivierraude.me\/perspectivesjeunesse\/\",\"logo\":{\"@type\":\"ImageObject\",\"inLanguage\":\"en-US\",\"@id\":\"https:\/\/dev.olivierraude.me\/perspectivesjeunesse\/#\/schema\/logo\/image\/\",\"url\":\"https:\/\/dev.olivierraude.me\/perspectivesjeunesse\/wp-content\/uploads\/2020\/05\/PJ_RGB_Small.png\",\"contentUrl\":\"https:\/\/dev.olivierraude.me\/perspectivesjeunesse\/wp-content\/uploads\/2020\/05\/PJ_RGB_Small.png\",\"width\":500,\"height\":245,\"caption\":\"Perspectives Jeunesse\"},\"image\":{\"@id\":\"https:\/\/dev.olivierraude.me\/perspectivesjeunesse\/#\/schema\/logo\/image\/\"},\"sameAs\":[\"https:\/\/www.facebook.com\/perspectives.jeunesse\/\",\"https:\/\/www.instagram.com\/pj_perspectivesjeunesse\/\",\"https:\/\/www.youtube.com\/@perspectivesjeunesse-montreal\/\",\"https:\/\/www.linkedin.com\/company\/perspectives-jeunesse\"]},{\"@type\":\"Person\",\"@id\":\"https:\/\/dev.olivierraude.me\/perspectivesjeunesse\/#\/schema\/person\/3884cce08e7d72c3f65569fc2e54159a\",\"name\":\"Catherine Sarrazin-Brennan\",\"image\":{\"@type\":\"ImageObject\",\"inLanguage\":\"en-US\",\"@id\":\"https:\/\/dev.olivierraude.me\/perspectivesjeunesse\/#\/schema\/person\/image\/\",\"url\":\"https:\/\/secure.gravatar.com\/avatar\/5b22de0c6bc04ba37604b862fe3be564?s=96&d=mm&r=g\",\"contentUrl\":\"https:\/\/secure.gravatar.com\/avatar\/5b22de0c6bc04ba37604b862fe3be564?s=96&d=mm&r=g\",\"caption\":\"Catherine Sarrazin-Brennan\"},\"url\":\"https:\/\/dev.olivierraude.me\/perspectivesjeunesse\/author\/agsell\/\"}]}<\/script>\n<!-- \/ Yoast SEO plugin. -->","yoast_head_json":{"title":"Lettre ouverte JPS - Perspectives Jeunesse","robots":{"index":"index","follow":"follow","max-snippet":"max-snippet:-1","max-image-preview":"max-image-preview:large","max-video-preview":"max-video-preview:-1"},"canonical":"https:\/\/dev.olivierraude.me\/perspectivesjeunesse\/communiquejps\/","og_locale":"en_US","og_type":"article","og_title":"Lettre ouverte JPS - Perspectives Jeunesse","og_description":"&nbsp; Journ\u00e9es de la pers\u00e9v\u00e9rance scolaire 2021 Soutenir le raccrochage scolaire des jeunes de 15 \u2013 20 ans\u00a0: un investissement pour le Qu\u00e9bec &nbsp; Dans le cadre des Journ\u00e9es de la pers\u00e9v\u00e9rance scolaire, Perspectives Jeunesse aimerait sensibiliser la population et le gouvernement sur l\u2019importance de soutenir la pers\u00e9v\u00e9rance scolaire chez les 15 \u00e0 20 ans....","og_url":"https:\/\/dev.olivierraude.me\/perspectivesjeunesse\/communiquejps\/","og_site_name":"Perspectives Jeunesse","article_publisher":"https:\/\/www.facebook.com\/perspectives.jeunesse\/","article_published_time":"2021-02-18T15:51:55+00:00","article_modified_time":"2021-02-18T20:11:06+00:00","og_image":[{"width":600,"height":315,"url":"https:\/\/dev.olivierraude.me\/perspectivesjeunesse\/wp-content\/uploads\/2021\/02\/bandeau-partage-jps2.jpg","type":"image\/jpeg"}],"author":"Catherine Sarrazin-Brennan","twitter_misc":{"Written by":"Catherine Sarrazin-Brennan","Est. reading time":"3 minutes"},"schema":{"@context":"https:\/\/schema.org","@graph":[{"@type":"Article","@id":"https:\/\/dev.olivierraude.me\/perspectivesjeunesse\/communiquejps\/#article","isPartOf":{"@id":"https:\/\/dev.olivierraude.me\/perspectivesjeunesse\/communiquejps\/"},"author":{"name":"Catherine Sarrazin-Brennan","@id":"https:\/\/dev.olivierraude.me\/perspectivesjeunesse\/#\/schema\/person\/3884cce08e7d72c3f65569fc2e54159a"},"headline":"Lettre ouverte JPS","datePublished":"2021-02-18T15:51:55+00:00","dateModified":"2021-02-18T20:11:06+00:00","mainEntityOfPage":{"@id":"https:\/\/dev.olivierraude.me\/perspectivesjeunesse\/communiquejps\/"},"wordCount":599,"publisher":{"@id":"https:\/\/dev.olivierraude.me\/perspectivesjeunesse\/#organization"},"image":{"@id":"https:\/\/dev.olivierraude.me\/perspectivesjeunesse\/communiquejps\/#primaryimage"},"thumbnailUrl":"https:\/\/dev.olivierraude.me\/perspectivesjeunesse\/wp-content\/uploads\/2021\/02\/bandeau-partage-jps2.jpg","articleSection":["Non classifi\u00e9(e)"],"inLanguage":"en-US"},{"@type":"WebPage","@id":"https:\/\/dev.olivierraude.me\/perspectivesjeunesse\/communiquejps\/","url":"https:\/\/dev.olivierraude.me\/perspectivesjeunesse\/communiquejps\/","name":"Lettre ouverte JPS - Perspectives Jeunesse","isPartOf":{"@id":"https:\/\/dev.olivierraude.me\/perspectivesjeunesse\/#website"},"primaryImageOfPage":{"@id":"https:\/\/dev.olivierraude.me\/perspectivesjeunesse\/communiquejps\/#primaryimage"},"image":{"@id":"https:\/\/dev.olivierraude.me\/perspectivesjeunesse\/communiquejps\/#primaryimage"},"thumbnailUrl":"https:\/\/dev.olivierraude.me\/perspectivesjeunesse\/wp-content\/uploads\/2021\/02\/bandeau-partage-jps2.jpg","datePublished":"2021-02-18T15:51:55+00:00","dateModified":"2021-02-18T20:11:06+00:00","breadcrumb":{"@id":"https:\/\/dev.olivierraude.me\/perspectivesjeunesse\/communiquejps\/#breadcrumb"},"inLanguage":"en-US","potentialAction":[{"@type":"ReadAction","target":["https:\/\/dev.olivierraude.me\/perspectivesjeunesse\/communiquejps\/"]}]},{"@type":"ImageObject","inLanguage":"en-US","@id":"https:\/\/dev.olivierraude.me\/perspectivesjeunesse\/communiquejps\/#primaryimage","url":"https:\/\/dev.olivierraude.me\/perspectivesjeunesse\/wp-content\/uploads\/2021\/02\/bandeau-partage-jps2.jpg","contentUrl":"https:\/\/dev.olivierraude.me\/perspectivesjeunesse\/wp-content\/uploads\/2021\/02\/bandeau-partage-jps2.jpg","width":600,"height":315},{"@type":"BreadcrumbList","@id":"https:\/\/dev.olivierraude.me\/perspectivesjeunesse\/communiquejps\/#breadcrumb","itemListElement":[{"@type":"ListItem","position":1,"name":"Home","item":"https:\/\/dev.olivierraude.me\/perspectivesjeunesse\/"},{"@type":"ListItem","position":2,"name":"Lettre ouverte JPS"}]},{"@type":"WebSite","@id":"https:\/\/dev.olivierraude.me\/perspectivesjeunesse\/#website","url":"https:\/\/dev.olivierraude.me\/perspectivesjeunesse\/","name":"Perspectives Jeunesse","description":"Pr\u00e9vention du d\u00e9crochage scolaire et soutien au retour \u00e0 l&#039;\u00e9cole","publisher":{"@id":"https:\/\/dev.olivierraude.me\/perspectivesjeunesse\/#organization"},"potentialAction":[{"@type":"SearchAction","target":{"@type":"EntryPoint","urlTemplate":"https:\/\/dev.olivierraude.me\/perspectivesjeunesse\/?s={search_term_string}"},"query-input":{"@type":"PropertyValueSpecification","valueRequired":true,"valueName":"search_term_string"}}],"inLanguage":"en-US"},{"@type":"Organization","@id":"https:\/\/dev.olivierraude.me\/perspectivesjeunesse\/#organization","name":"Perspectives Jeunesse","url":"https:\/\/dev.olivierraude.me\/perspectivesjeunesse\/","logo":{"@type":"ImageObject","inLanguage":"en-US","@id":"https:\/\/dev.olivierraude.me\/perspectivesjeunesse\/#\/schema\/logo\/image\/","url":"https:\/\/dev.olivierraude.me\/perspectivesjeunesse\/wp-content\/uploads\/2020\/05\/PJ_RGB_Small.png","contentUrl":"https:\/\/dev.olivierraude.me\/perspectivesjeunesse\/wp-content\/uploads\/2020\/05\/PJ_RGB_Small.png","width":500,"height":245,"caption":"Perspectives Jeunesse"},"image":{"@id":"https:\/\/dev.olivierraude.me\/perspectivesjeunesse\/#\/schema\/logo\/image\/"},"sameAs":["https:\/\/www.facebook.com\/perspectives.jeunesse\/","https:\/\/www.instagram.com\/pj_perspectivesjeunesse\/","https:\/\/www.youtube.com\/@perspectivesjeunesse-montreal\/","https:\/\/www.linkedin.com\/company\/perspectives-jeunesse"]},{"@type":"Person","@id":"https:\/\/dev.olivierraude.me\/perspectivesjeunesse\/#\/schema\/person\/3884cce08e7d72c3f65569fc2e54159a","name":"Catherine Sarrazin-Brennan","image":{"@type":"ImageObject","inLanguage":"en-US","@id":"https:\/\/dev.olivierraude.me\/perspectivesjeunesse\/#\/schema\/person\/image\/","url":"https:\/\/secure.gravatar.com\/avatar\/5b22de0c6bc04ba37604b862fe3be564?s=96&d=mm&r=g","contentUrl":"https:\/\/secure.gravatar.com\/avatar\/5b22de0c6bc04ba37604b862fe3be564?s=96&d=mm&r=g","caption":"Catherine Sarrazin-Brennan"},"url":"https:\/\/dev.olivierraude.me\/perspectivesjeunesse\/author\/agsell\/"}]}},"_links":{"self":[{"href":"https:\/\/dev.olivierraude.me\/perspectivesjeunesse\/wp-json\/wp\/v2\/posts\/1214","targetHints":{"allow":["GET"]}}],"collection":[{"href":"https:\/\/dev.olivierraude.me\/perspectivesjeunesse\/wp-json\/wp\/v2\/posts"}],"about":[{"href":"https:\/\/dev.olivierraude.me\/perspectivesjeunesse\/wp-json\/wp\/v2\/types\/post"}],"author":[{"embeddable":true,"href":"https:\/\/dev.olivierraude.me\/perspectivesjeunesse\/wp-json\/wp\/v2\/users\/3457"}],"replies":[{"embeddable":true,"href":"https:\/\/dev.olivierraude.me\/perspectivesjeunesse\/wp-json\/wp\/v2\/comments?post=1214"}],"version-history":[{"count":5,"href":"https:\/\/dev.olivierraude.me\/perspectivesjeunesse\/wp-json\/wp\/v2\/posts\/1214\/revisions"}],"predecessor-version":[{"id":1219,"href":"https:\/\/dev.olivierraude.me\/perspectivesjeunesse\/wp-json\/wp\/v2\/posts\/1214\/revisions\/1219"}],"wp:featuredmedia":[{"embeddable":true,"href":"https:\/\/dev.olivierraude.me\/perspectivesjeunesse\/wp-json\/wp\/v2\/media\/1209"}],"wp:attachment":[{"href":"https:\/\/dev.olivierraude.me\/perspectivesjeunesse\/wp-json\/wp\/v2\/media?parent=1214"}],"wp:term":[{"taxonomy":"category","embeddable":true,"href":"https:\/\/dev.olivierraude.me\/perspectivesjeunesse\/wp-json\/wp\/v2\/categories?post=1214"},{"taxonomy":"post_tag","embeddable":true,"href":"https:\/\/dev.olivierraude.me\/perspectivesjeunesse\/wp-json\/wp\/v2\/tags?post=1214"}],"curies":[{"name":"wp","href":"https:\/\/api.w.org\/{rel}","templated":true}]}}